{"id":3193,"__str__":"Requerimento n\u00ba 21 de 2017 | Proposi\u00e7\u00e3o inclusa na Ordem do Dia | 05/06/2017","link_detail_backend":"/materia/tramitacao/3193","metadata":{},"timestamp":"2019-05-13T14:14:44.689961-03:00","data_tramitacao":"2017-06-05","data_encaminhamento":"2017-06-05","urgente":false,"turno":"U","texto":"Preposi\u00e7\u00e3o apresentada em plen\u00e1rio e encaminhada para voto na ordem dia.","data_fim_prazo":null,"ip":"","ultima_edicao":null,"status":3,"materia":1206,"unidade_tramitacao_local":8,"unidade_tramitacao_destino":8,"user":null}