{"id":6974,"__str__":"Indica\u00e7\u00e3o n\u00ba 563 de 2025","link_detail_backend":"/materia/6974","metadata":{},"numero":563,"ano":2025,"numero_protocolo":null,"data_apresentacao":"2025-09-29","tipo_apresentacao":"","data_publicacao":null,"numero_origem_externa":"","ano_origem_externa":null,"data_origem_externa":null,"apelido":"","dias_prazo":null,"data_fim_prazo":null,"em_tramitacao":true,"polemica":false,"objeto":"","complementar":false,"ementa":"Indica a necessidade de tomar medidas junto a Secretaria Municipal Integrada de Apoio a Seguran\u00e7a P\u00fablica (SMIASP) e Secretaria Municipal de Obras Via\u00e7\u00e3o e Servi\u00e7os P\u00fablicos (SMOVSP), visando a constru\u00e7\u00e3o de faixas elevadas de pedestres nos dois sentidos da Avenida Brasil, em frente \u00e0 Igreja Matriz Nossa Senhora de F\u00e1tima.","indexacao":"","observacao":"","resultado":"","texto_original":"http://sapl.campoverde.mt.leg.br/media/sapl/public/materialegislativa/2025/6974/indicacao_n563_janaina_faixa_elevada_av_brasil_enfrente_a_igreja_nossa_senhora_de_fatima_centro..pdf","data_ultima_atualizacao":"2025-09-29T20:40:16.021072-03:00","ip":"138.118.160.147","ultima_edicao":"2025-09-29T13:36:57.816383-03:00","tipo":8,"regime_tramitacao":1,"tipo_origem_externa":null,"local_origem_externa":null,"user":44,"anexadas":[],"autores":[43]}