{"id":6282,"__str__":"Indica\u00e7\u00e3o n\u00ba 10 de 2025","link_detail_backend":"/materia/6282","metadata":{},"numero":10,"ano":2025,"numero_protocolo":null,"data_apresentacao":"2025-02-03","tipo_apresentacao":"E","data_publicacao":null,"numero_origem_externa":"","ano_origem_externa":2025,"data_origem_externa":null,"apelido":"","dias_prazo":null,"data_fim_prazo":null,"em_tramitacao":true,"polemica":false,"objeto":"","complementar":false,"ementa":"INDICA AO PODER EXECUTIVO MUNICIPAL A NECESSIDADE DE TOMAR MEDIDA JUNTO \u00c0 SECRETARIA INTEGRADA DE APOIO \u00c0 SEGURAN\u00c7A P\u00daBLICA, COM OBJETIVO DE ADQUIRIR VE\u00cdCULO A\u00c9REO N\u00c3O TRIPULADO (VANT) OU COMERCIALMENTE DRONE, COM CAPACIDADE DE OPERAR DE FORMA AUT\u00d4NOMA, SEGUINDO ROTAS E TAREFAS PROGRAMADAS.","indexacao":"","observacao":"","resultado":"","texto_original":"http://sapl.campoverde.mt.leg.br/media/sapl/public/materialegislativa/2025/6282/indicacao_no010_miguel_de_paula_drone.pdf","data_ultima_atualizacao":"2025-02-03T21:59:07.167597-03:00","ip":"45.71.69.221","ultima_edicao":"2025-02-03T17:11:19.230958-03:00","tipo":8,"regime_tramitacao":1,"tipo_origem_externa":8,"local_origem_externa":null,"user":48,"anexadas":[],"autores":[42]}