{"id":298,"__str__":"Indica\u00e7\u00e3o n\u00ba 277 de 2015","link_detail_backend":"/materia/298","metadata":{},"numero":277,"ano":2015,"numero_protocolo":null,"data_apresentacao":"2015-08-31","tipo_apresentacao":"E","data_publicacao":null,"numero_origem_externa":"","ano_origem_externa":null,"data_origem_externa":null,"apelido":"","dias_prazo":null,"data_fim_prazo":null,"em_tramitacao":true,"polemica":null,"objeto":"","complementar":null,"ementa":"INDICA AO PODER EXECUTIVO MUNICIPAL A URGENTE NECESSIDADE DE SE TOMAR PROVID\u00caNCIAS NO SENTIDO DE MOLHAR O CANTEIRO CENTRAL DAS AVENIDAS VEREADOR CESAR LIMA E PRESIDENTE JO\u00c3O GOULART, NOS BAIRROS CIDADE ALTA E JARDIM CAMPO VERDE, EM NOSSO MUNIC\u00cdPIO. ","indexacao":"","observacao":"","resultado":"","texto_original":"http://sapl.campoverde.mt.leg.br/media/sapl/public/materialegislativa/2015/298/298_texto_integral.pdf","data_ultima_atualizacao":"2019-05-13T14:15:18.223195-03:00","ip":"","ultima_edicao":null,"tipo":8,"regime_tramitacao":1,"tipo_origem_externa":null,"local_origem_externa":null,"user":null,"anexadas":[],"autores":[3]}