{"id":2323,"__str__":"Mo\u00e7\u00e3o n\u00ba 20 de 2018","link_detail_backend":"/materia/2323","metadata":{},"numero":20,"ano":2018,"numero_protocolo":null,"data_apresentacao":"2018-11-05","tipo_apresentacao":"E","data_publicacao":null,"numero_origem_externa":"","ano_origem_externa":null,"data_origem_externa":null,"apelido":"","dias_prazo":null,"data_fim_prazo":null,"em_tramitacao":true,"polemica":null,"objeto":"","complementar":null,"ementa":"&#8220;MO\u00c7\u00c3O DE APLAUSO A EQUIPE DA SECRETARIA MUNICIPAL DE EDUCA\u00c7\u00c3O E CULTURA &#8211; SMED, PELA REALIZA\u00c7\u00c3O DO 25\u00ba FESTIVAL DA CAN\u00c7\u00c3O &#8211; FESCCAN E O FESTIVAL DE TEATRO &#8211; FESTCAV NO MUNIC\u00cdPIO DE CAMPO VERDE&#8221;","indexacao":"","observacao":"","resultado":"","texto_original":"http://sapl.campoverde.mt.leg.br/media/sapl/public/materialegislativa/2018/2323/2323_texto_integral.pdf","data_ultima_atualizacao":"2019-05-13T14:15:19.554835-03:00","ip":"","ultima_edicao":null,"tipo":7,"regime_tramitacao":1,"tipo_origem_externa":null,"local_origem_externa":null,"user":null,"anexadas":[],"autores":[30]}