{"id":1786,"__str__":"Requerimento n\u00ba 9 de 2018","link_detail_backend":"/materia/1786","metadata":{},"numero":9,"ano":2018,"numero_protocolo":null,"data_apresentacao":"2018-04-16","tipo_apresentacao":"E","data_publicacao":null,"numero_origem_externa":"","ano_origem_externa":null,"data_origem_externa":null,"apelido":"","dias_prazo":null,"data_fim_prazo":null,"em_tramitacao":true,"polemica":null,"objeto":"","complementar":null,"ementa":"REQUER AO EXCELENT\u00cdSSIMO SENHOR F\u00c1BIO SCHROETER PREFEITO MUNICIPAL, AS SEGUINTES INFORMA\u00c7\u00d5ES SOBRE A VERACIDADE DOS FATOS DO POSS\u00cdVEL SURTO DE MENINGITE EM CAMPO VERDE MT:\r\n\r\n1- ESSA INFORMA\u00c7\u00c3O \u00c9 VERDADEIRA?\r\n2- QUANTOS CASOS FORAM REGISTRADOS NOS EXERC\u00cdCIOS 2017 E 2018 AT\u00c9 A PRESENTE DATA?\r\n3- QUAIS ERAM OS TIPOS DE MENINGITE? \r\n4- QUANTOS DESTES FORAM A \u00d3BITO? \r\n5- SE EXISTE UM N\u00daMERO ELEVADO DE CASOS, MESMO QUE N\u00c3O SE CLASSIFICA COMO SURTO, QUAIS AS MEDIDAS EST\u00c3O SENDO TOMADAS PARA EVITAR A PROLIFERA\u00c7\u00c3O DA DOEN\u00c7A EM CAMPO VERDE.\r\n","indexacao":"","observacao":"","resultado":"","texto_original":"http://sapl.campoverde.mt.leg.br/media/sapl/public/materialegislativa/2018/1786/1786_texto_integral.pdf","data_ultima_atualizacao":"2019-05-13T14:15:19.028686-03:00","ip":"","ultima_edicao":null,"tipo":3,"regime_tramitacao":1,"tipo_origem_externa":null,"local_origem_externa":null,"user":null,"anexadas":[],"autores":[9]}