{"id":1630,"__str__":"Mo\u00e7\u00e3o n\u00ba 2 de 2018","link_detail_backend":"/materia/1630","metadata":{},"numero":2,"ano":2018,"numero_protocolo":null,"data_apresentacao":"2018-02-19","tipo_apresentacao":"E","data_publicacao":null,"numero_origem_externa":"","ano_origem_externa":null,"data_origem_externa":null,"apelido":"","dias_prazo":null,"data_fim_prazo":null,"em_tramitacao":true,"polemica":null,"objeto":"","complementar":null,"ementa":"&#8220;MO\u00c7\u00c3O DE APLAUSO \u00c0 ASSOCIA\u00c7\u00c3O DOS PAIS E AMIGOS DOS EXCEPCIONAIS &#8211; APAE DE CAMPO VERDE-MT, PELOS SERVI\u00c7OS PRESTADOS EM PROL DAS PESSOAS COM DEFICI\u00caNCIA; E CONGRATULA\u00c7\u00d5ES AO JUBILEU DE PRATA, PELOS 25 ANOS QUE IR\u00c1 COMPLETAR NO CORRENTE ANO&#8221;.","indexacao":"","observacao":"","resultado":"","texto_original":"http://sapl.campoverde.mt.leg.br/media/sapl/public/materialegislativa/2018/1630/1630_texto_integral.pdf","data_ultima_atualizacao":"2019-05-13T14:15:17.843076-03:00","ip":"","ultima_edicao":null,"tipo":7,"regime_tramitacao":1,"tipo_origem_externa":null,"local_origem_externa":null,"user":null,"anexadas":[],"autores":[24]}