{"id":1517,"__str__":"Mo\u00e7\u00e3o n\u00ba 15 de 2017","link_detail_backend":"/materia/1517","metadata":{},"numero":15,"ano":2017,"numero_protocolo":null,"data_apresentacao":"2017-11-13","tipo_apresentacao":"","data_publicacao":null,"numero_origem_externa":"","ano_origem_externa":null,"data_origem_externa":null,"apelido":"","dias_prazo":null,"data_fim_prazo":null,"em_tramitacao":true,"polemica":null,"objeto":"","complementar":null,"ementa":"MO\u00c7\u00c3O DE APLAUSO A LOJA MA\u00c7\u00d4NICA JUSTI\u00c7A E FRATERNIDADE N\u00ba. 26 E LOJA MA\u00c7\u00d4NICA AC\u00c1CIA N\u00ba 46, AMBAS DE CAMPO VERDE, PELOS RELEVANTES SERVI\u00c7OS PRESTADOS A COMUNIDADE CAMPOVERDENSE. DANDO DESTAQUE AO JUBILEU DE PRATA DE 25 ANOS DE FUNDA\u00c7\u00c3O DA LOJA MA\u00c7\u00d4NICA JUSTI\u00c7A E FRATERNIDADE N\u00ba. 26&#8221;.","indexacao":"","observacao":"","resultado":"","texto_original":"http://sapl.campoverde.mt.leg.br/media/sapl/public/materialegislativa/2017/1517/1517_texto_integral.pdf","data_ultima_atualizacao":"2019-05-13T14:15:18.974364-03:00","ip":"","ultima_edicao":null,"tipo":7,"regime_tramitacao":1,"tipo_origem_externa":null,"local_origem_externa":null,"user":null,"anexadas":[],"autores":[24]}